[{"@context":"https:\/\/schema.org\/","@type":"Blog","@id":"https:\/\/www.schotz.cz#Blog","headline":"Schotz","description":"\nDok\u00e1\u017eete si p\u0159edstavit, \u017ee byste dnes \u017eili bez pen\u011bz? Nedok\u00e1\u017eete, \u017ee? Bez pen\u011bz by nebyla ekonomika a bez ekonomiky bychom nem\u011bli nic z\u00a0toho, co je pot\u0159eba.","url":"https:\/\/www.schotz.cz","hasPart":[{"@type":"Article","@id":"https:\/\/www.schotz.cz\/narok-na-hypoteku-pro-vsechny\/","headline":"N\u00e1rok na hypot\u00e9ku pro v\u0161echny","url":"https:\/\/www.schotz.cz\/narok-na-hypoteku-pro-vsechny\/","datePublished":"2021-12-23","dateModified":"2023-05-06","mainEntityOfPage":"https:\/\/www.schotz.cz\/narok-na-hypoteku-pro-vsechny\/","author":{"@type":"Person","@id":"https:\/\/www.schotz.cz\/author\/#Person","name":"","url":"https:\/\/www.schotz.cz\/author\/","identifier":1,"image":{"@type":"ImageObject","@id":"https:\/\/secure.gravatar.com\/avatar\/93869824c8aa580f0d16049ad31e69846ffc925e0cbb2826cc9554f53943da69?s=96&d=mm&r=g","url":"https:\/\/secure.gravatar.com\/avatar\/93869824c8aa580f0d16049ad31e69846ffc925e0cbb2826cc9554f53943da69?s=96&d=mm&r=g","height":96,"width":96}},"publisher":{"@type":"Organization","name":"schotz.cz","logo":{"@type":"ImageObject","@id":"\/logo.png","url":"\/logo.png","width":600,"height":60}},"image":{"@type":"ImageObject","@id":"https:\/\/www.schotz.cz\/wp-content\/uploads\/hypot%C3%A9ka_1.png","url":"https:\/\/www.schotz.cz\/wp-content\/uploads\/hypot%C3%A9ka_1.png","height":0,"width":0},"wordCount":589,"keywords":null},{"@type":"Article","@id":"https:\/\/www.schotz.cz\/vlastni-domecek-nebo-rekonstrukce-stare-ruiny\/","headline":"Vlastn\u00ed dome\u010dek nebo rekonstrukce star\u00e9 ruiny","url":"https:\/\/www.schotz.cz\/vlastni-domecek-nebo-rekonstrukce-stare-ruiny\/","datePublished":"2021-11-24","dateModified":"2023-05-06","mainEntityOfPage":"https:\/\/www.schotz.cz\/vlastni-domecek-nebo-rekonstrukce-stare-ruiny\/","author":{"@type":"Person","@id":"https:\/\/www.schotz.cz\/author\/#Person","name":"","url":"https:\/\/www.schotz.cz\/author\/","identifier":1,"image":{"@type":"ImageObject","@id":"https:\/\/secure.gravatar.com\/avatar\/93869824c8aa580f0d16049ad31e69846ffc925e0cbb2826cc9554f53943da69?s=96&d=mm&r=g","url":"https:\/\/secure.gravatar.com\/avatar\/93869824c8aa580f0d16049ad31e69846ffc925e0cbb2826cc9554f53943da69?s=96&d=mm&r=g","height":96,"width":96}},"publisher":{"@type":"Organization","name":"schotz.cz","logo":{"@type":"ImageObject","@id":"\/logo.png","url":"\/logo.png","width":600,"height":60}},"image":{"@type":"ImageObject","@id":"https:\/\/www.schotz.cz\/wp-content\/uploads\/window-3367981_960_720.jpg","url":"https:\/\/www.schotz.cz\/wp-content\/uploads\/window-3367981_960_720.jpg","height":0,"width":0},"wordCount":900,"keywords":null},{"@type":"Article","@id":"https:\/\/www.schotz.cz\/vyhody-bydleni-v-rodinnem-dome\/","headline":"V\u00fdhody bydlen\u00ed v rodinn\u00e9m dom\u011b","url":"https:\/\/www.schotz.cz\/vyhody-bydleni-v-rodinnem-dome\/","datePublished":"2021-11-23","dateModified":"2021-11-23","mainEntityOfPage":"https:\/\/www.schotz.cz\/vyhody-bydleni-v-rodinnem-dome\/","author":{"@type":"Person","@id":"https:\/\/www.schotz.cz\/author\/#Person","name":"","url":"https:\/\/www.schotz.cz\/author\/","identifier":1,"image":{"@type":"ImageObject","@id":"https:\/\/secure.gravatar.com\/avatar\/93869824c8aa580f0d16049ad31e69846ffc925e0cbb2826cc9554f53943da69?s=96&d=mm&r=g","url":"https:\/\/secure.gravatar.com\/avatar\/93869824c8aa580f0d16049ad31e69846ffc925e0cbb2826cc9554f53943da69?s=96&d=mm&r=g","height":96,"width":96}},"publisher":{"@type":"Organization","name":"schotz.cz","logo":{"@type":"ImageObject","@id":"\/logo.png","url":"\/logo.png","width":600,"height":60}},"image":{"@type":"ImageObject","@id":"https:\/\/www.schotz.cz\/wp-content\/uploads\/Luxusn%C3%AD%20d%C5%AFm_2.jpg","url":"https:\/\/www.schotz.cz\/wp-content\/uploads\/Luxusn%C3%AD%20d%C5%AFm_2.jpg","height":0,"width":0},"wordCount":614,"keywords":null},{"@type":"Article","@id":"https:\/\/www.schotz.cz\/jak-vnima-zena-krasu-a-co-na-to-muzi\/","headline":"Jak vn\u00edm\u00e1 \u017eena kr\u00e1su a co na to mu\u017ei?","url":"https:\/\/www.schotz.cz\/jak-vnima-zena-krasu-a-co-na-to-muzi\/","datePublished":"2021-11-08","dateModified":"2023-05-06","mainEntityOfPage":"https:\/\/www.schotz.cz\/jak-vnima-zena-krasu-a-co-na-to-muzi\/","author":{"@type":"Person","@id":"https:\/\/www.schotz.cz\/author\/#Person","name":"","url":"https:\/\/www.schotz.cz\/author\/","identifier":1,"image":{"@type":"ImageObject","@id":"https:\/\/secure.gravatar.com\/avatar\/93869824c8aa580f0d16049ad31e69846ffc925e0cbb2826cc9554f53943da69?s=96&d=mm&r=g","url":"https:\/\/secure.gravatar.com\/avatar\/93869824c8aa580f0d16049ad31e69846ffc925e0cbb2826cc9554f53943da69?s=96&d=mm&r=g","height":96,"width":96}},"publisher":{"@type":"Organization","name":"schotz.cz","logo":{"@type":"ImageObject","@id":"\/logo.png","url":"\/logo.png","width":600,"height":60}},"image":{"@type":"ImageObject","@id":"https:\/\/www.schotz.cz\/wp-content\/uploads\/woman-1846703_960_720.jpg","url":"https:\/\/www.schotz.cz\/wp-content\/uploads\/woman-1846703_960_720.jpg","height":0,"width":0},"wordCount":806,"keywords":null},{"@type":"Article","@id":"https:\/\/www.schotz.cz\/muj-vysneny-dum\/","headline":"M\u016fj vysn\u011bn\u00fd d\u016fm","url":"https:\/\/www.schotz.cz\/muj-vysneny-dum\/","datePublished":"2021-11-05","dateModified":"2023-05-06","mainEntityOfPage":"https:\/\/www.schotz.cz\/muj-vysneny-dum\/","author":{"@type":"Person","@id":"https:\/\/www.schotz.cz\/author\/#Person","name":"","url":"https:\/\/www.schotz.cz\/author\/","identifier":1,"image":{"@type":"ImageObject","@id":"https:\/\/secure.gravatar.com\/avatar\/93869824c8aa580f0d16049ad31e69846ffc925e0cbb2826cc9554f53943da69?s=96&d=mm&r=g","url":"https:\/\/secure.gravatar.com\/avatar\/93869824c8aa580f0d16049ad31e69846ffc925e0cbb2826cc9554f53943da69?s=96&d=mm&r=g","height":96,"width":96}},"publisher":{"@type":"Organization","name":"schotz.cz","logo":{"@type":"ImageObject","@id":"\/logo.png","url":"\/logo.png","width":600,"height":60}},"image":{"@type":"ImageObject","@id":"https:\/\/www.schotz.cz\/wp-content\/uploads\/house-g2f7e3b0ff_1280.jpg","url":"https:\/\/www.schotz.cz\/wp-content\/uploads\/house-g2f7e3b0ff_1280.jpg","height":0,"width":0},"wordCount":662,"keywords":null},{"@type":"Article","@id":"https:\/\/www.schotz.cz\/konec-plachtovych-trik-a-logem-oblecte-sve-zamestnance-jinak\/","headline":"Konec plachtov\u00fdch trik a logem: oble\u010dte sv\u00e9 zam\u011bstnance jinak","url":"https:\/\/www.schotz.cz\/konec-plachtovych-trik-a-logem-oblecte-sve-zamestnance-jinak\/","datePublished":"2021-10-22","dateModified":"2023-05-06","mainEntityOfPage":"https:\/\/www.schotz.cz\/konec-plachtovych-trik-a-logem-oblecte-sve-zamestnance-jinak\/","author":{"@type":"Person","@id":"https:\/\/www.schotz.cz\/author\/#Person","name":"","url":"https:\/\/www.schotz.cz\/author\/","identifier":1,"image":{"@type":"ImageObject","@id":"https:\/\/secure.gravatar.com\/avatar\/93869824c8aa580f0d16049ad31e69846ffc925e0cbb2826cc9554f53943da69?s=96&d=mm&r=g","url":"https:\/\/secure.gravatar.com\/avatar\/93869824c8aa580f0d16049ad31e69846ffc925e0cbb2826cc9554f53943da69?s=96&d=mm&r=g","height":96,"width":96}},"publisher":{"@type":"Organization","name":"schotz.cz","logo":{"@type":"ImageObject","@id":"\/logo.png","url":"\/logo.png","width":600,"height":60}},"image":{"@type":"ImageObject","@id":"https:\/\/www.schotz.cz\/wp-content\/uploads\/puzzle-g54c67f141_640.png","url":"https:\/\/www.schotz.cz\/wp-content\/uploads\/puzzle-g54c67f141_640.png","height":0,"width":0},"wordCount":705,"keywords":null},{"@type":"Article","@id":"https:\/\/www.schotz.cz\/vyhody-bydleni-v-rodinnem-dome\/","headline":"V\u00fdhody bydlen\u00ed v rodinn\u00e9m dom\u011b","url":"https:\/\/www.schotz.cz\/vyhody-bydleni-v-rodinnem-dome\/","datePublished":"2021-09-22","dateModified":"2023-05-06","mainEntityOfPage":"https:\/\/www.schotz.cz\/vyhody-bydleni-v-rodinnem-dome\/","author":{"@type":"Person","@id":"https:\/\/www.schotz.cz\/author\/#Person","name":"","url":"https:\/\/www.schotz.cz\/author\/","identifier":1,"image":{"@type":"ImageObject","@id":"https:\/\/secure.gravatar.com\/avatar\/93869824c8aa580f0d16049ad31e69846ffc925e0cbb2826cc9554f53943da69?s=96&d=mm&r=g","url":"https:\/\/secure.gravatar.com\/avatar\/93869824c8aa580f0d16049ad31e69846ffc925e0cbb2826cc9554f53943da69?s=96&d=mm&r=g","height":96,"width":96}},"publisher":{"@type":"Organization","name":"schotz.cz","logo":{"@type":"ImageObject","@id":"\/logo.png","url":"\/logo.png","width":600,"height":60}},"image":{"@type":"ImageObject","@id":"https:\/\/www.schotz.cz\/wp-content\/uploads\/Zahrada%20u%20domu.jpg","url":"https:\/\/www.schotz.cz\/wp-content\/uploads\/Zahrada%20u%20domu.jpg","height":0,"width":0},"wordCount":648,"keywords":null},{"@type":"Article","@id":"https:\/\/www.schotz.cz\/plesova-sezona\/","headline":"Plesov\u00e1 sez\u00f3na","url":"https:\/\/www.schotz.cz\/plesova-sezona\/","datePublished":"2021-08-27","dateModified":"2023-05-06","mainEntityOfPage":"https:\/\/www.schotz.cz\/plesova-sezona\/","author":{"@type":"Person","@id":"https:\/\/www.schotz.cz\/author\/#Person","name":"","url":"https:\/\/www.schotz.cz\/author\/","identifier":1,"image":{"@type":"ImageObject","@id":"https:\/\/secure.gravatar.com\/avatar\/93869824c8aa580f0d16049ad31e69846ffc925e0cbb2826cc9554f53943da69?s=96&d=mm&r=g","url":"https:\/\/secure.gravatar.com\/avatar\/93869824c8aa580f0d16049ad31e69846ffc925e0cbb2826cc9554f53943da69?s=96&d=mm&r=g","height":96,"width":96}},"publisher":{"@type":"Organization","name":"schotz.cz","logo":{"@type":"ImageObject","@id":"\/logo.png","url":"\/logo.png","width":600,"height":60}},"image":{"@type":"ImageObject","@id":"https:\/\/www.schotz.cz\/wp-content\/uploads\/%C5%A1aty_4.jpg","url":"https:\/\/www.schotz.cz\/wp-content\/uploads\/%C5%A1aty_4.jpg","height":0,"width":0},"wordCount":726,"keywords":null},{"@type":"Article","@id":"https:\/\/www.schotz.cz\/nemovitost-v-zahranici\/","headline":"Nemovitost v zahrani\u010d\u00ed","url":"https:\/\/www.schotz.cz\/nemovitost-v-zahranici\/","datePublished":"2021-05-22","dateModified":"2021-05-22","mainEntityOfPage":"https:\/\/www.schotz.cz\/nemovitost-v-zahranici\/","author":{"@type":"Person","@id":"https:\/\/www.schotz.cz\/author\/#Person","name":"","url":"https:\/\/www.schotz.cz\/author\/","identifier":1,"image":{"@type":"ImageObject","@id":"https:\/\/secure.gravatar.com\/avatar\/93869824c8aa580f0d16049ad31e69846ffc925e0cbb2826cc9554f53943da69?s=96&d=mm&r=g","url":"https:\/\/secure.gravatar.com\/avatar\/93869824c8aa580f0d16049ad31e69846ffc925e0cbb2826cc9554f53943da69?s=96&d=mm&r=g","height":96,"width":96}},"publisher":{"@type":"Organization","name":"schotz.cz","logo":{"@type":"ImageObject","@id":"\/logo.png","url":"\/logo.png","width":600,"height":60}},"image":{"@type":"ImageObject","@id":"https:\/\/www.schotz.cz\/wp-content\/uploads\/%C5%A1pan%C4%9Blsk%C3%A1%20pl%C3%A1%C5%BE.jpg","url":"https:\/\/www.schotz.cz\/wp-content\/uploads\/%C5%A1pan%C4%9Blsk%C3%A1%20pl%C3%A1%C5%BE.jpg","height":0,"width":0},"wordCount":652,"keywords":null},{"@type":"Article","@id":"https:\/\/www.schotz.cz\/kdyz-jsou-treba-penize\/","headline":"Kdy\u017e jsou t\u0159eba pen\u00edze","url":"https:\/\/www.schotz.cz\/kdyz-jsou-treba-penize\/","datePublished":"2021-05-16","dateModified":"2021-05-16","mainEntityOfPage":"https:\/\/www.schotz.cz\/kdyz-jsou-treba-penize\/","author":{"@type":"Person","@id":"https:\/\/www.schotz.cz\/author\/#Person","name":"","url":"https:\/\/www.schotz.cz\/author\/","identifier":1,"image":{"@type":"ImageObject","@id":"https:\/\/secure.gravatar.com\/avatar\/93869824c8aa580f0d16049ad31e69846ffc925e0cbb2826cc9554f53943da69?s=96&d=mm&r=g","url":"https:\/\/secure.gravatar.com\/avatar\/93869824c8aa580f0d16049ad31e69846ffc925e0cbb2826cc9554f53943da69?s=96&d=mm&r=g","height":96,"width":96}},"publisher":{"@type":"Organization","name":"schotz.cz","logo":{"@type":"ImageObject","@id":"\/logo.png","url":"\/logo.png","width":600,"height":60}},"image":{"@type":"ImageObject","@id":"https:\/\/www.schotz.cz\/wp-content\/uploads\/rubly%20m%C4%9Bna.jpg","url":"https:\/\/www.schotz.cz\/wp-content\/uploads\/rubly%20m%C4%9Bna.jpg","height":0,"width":0},"wordCount":600,"keywords":null}]},{"@context":"https:\/\/schema.org","@type":"WebSite","@id":"https:\/\/www.schotz.cz\/#website","name":"Schotz","url":"https:\/\/www.schotz.cz","potentialAction":{"@type":"SearchAction","target":"https:\/\/www.schotz.cz\/?s={search_term_string}","query-input":"required name=search_term_string"}}]