[{"@context":"https:\/\/schema.org\/","@type":"Article","@id":"https:\/\/www.schotz.cz\/muj-vysneny-dum\/#Article","mainEntityOfPage":"https:\/\/www.schotz.cz\/muj-vysneny-dum\/","headline":"M\u016fj vysn\u011bn\u00fd d\u016fm","name":"M\u016fj vysn\u011bn\u00fd d\u016fm","description":"Bydl\u00edm v\u00a0byt\u011b, ale m\u00fdm nejv\u011bt\u0161\u00edm snem je co nejd\u0159\u00edv na\u0161et\u0159it pen\u00edze a vz\u00edt si hypot\u00e9ku na rodinn\u00fd...","datePublished":"2021-11-05","dateModified":"2023-05-06","author":{"@type":"Person","@id":"https:\/\/www.schotz.cz\/author\/#Person","name":"","url":"https:\/\/www.schotz.cz\/author\/","identifier":1,"image":{"@type":"ImageObject","@id":"https:\/\/secure.gravatar.com\/avatar\/93869824c8aa580f0d16049ad31e69846ffc925e0cbb2826cc9554f53943da69?s=96&d=mm&r=g","url":"https:\/\/secure.gravatar.com\/avatar\/93869824c8aa580f0d16049ad31e69846ffc925e0cbb2826cc9554f53943da69?s=96&d=mm&r=g","height":96,"width":96}},"publisher":{"@type":"Organization","name":"schotz.cz","logo":{"@type":"ImageObject","@id":"\/logo.png","url":"\/logo.png","width":600,"height":60}},"image":{"@type":"ImageObject","@id":"https:\/\/www.schotz.cz\/wp-content\/uploads\/house-g2f7e3b0ff_1280.jpg","url":"https:\/\/www.schotz.cz\/wp-content\/uploads\/house-g2f7e3b0ff_1280.jpg","height":0,"width":0},"url":"https:\/\/www.schotz.cz\/muj-vysneny-dum\/","about":["D\u016fm"],"wordCount":461,"articleBody":"Bydl\u00edm v\u00a0byt\u011b, ale m\u00fdm nejv\u011bt\u0161\u00edm snem je co nejd\u0159\u00edv na\u0161et\u0159it pen\u00edze a vz\u00edt si hypot\u00e9ku na rodinn\u00fd d\u016fm pro mou budouc\u00ed rodinu. A jak si sv\u016fj rodinn\u00fd d\u016fm p\u0159edstavuji? Tak za\u010dneme vnit\u0159kem. Ur\u010dit\u011b tam mus\u00ed b\u00fdt rohov\u00e1 velk\u00e1 kuchy\u0148 s\u00a0ostr\u016fvkem uprost\u0159ed. Velk\u00fd st\u016fl, kam si sedne cel\u00e1 rodina plus lidi z\u00a0rodiny, a dokonce i pro n\u011bjak\u00e9ho hosta z\u00a0okol\u00ed. Pak bych si p\u0159\u00e1la kr\u00e1sn\u00fd ob\u00fdv\u00e1k s\u00a0r\u016fzn\u00fdmi zelen\u00fdmi kytky a ud\u011blat to na takov\u00fd p\u0159\u00edrodn\u00ed styl. K\u00a0tomu rohov\u00e1 seda\u010dka a k\u0159eslo pro babi\u010dky, kdy\u017e p\u0159ijedou na n\u00e1v\u0161t\u011bvu. Cht\u011bla bych kr\u00e1snou v\u011btrnou lo\u017enici se zelen\u00fdmi kytky jako v\u00a0ob\u00fdv\u00e1ku a tak\u00e9 pokoj\u00ed\u010dek pro d\u011bti. Moment\u00e1ln\u011b nev\u00edm, kolik jich bude, ale rozhodn\u011b n\u011bjak\u00fd bude. Kdy\u017e u\u017e jsem u interi\u00e9ru vnit\u0159ku p\u0159\u00e1la bych si, aby byla tajn\u00e1 knihovna, kde chod\u00edte p\u0159es sk\u0159\u00ed\u0148 a nikdo nev\u00ed, \u017ee n\u011bjak\u00fd tajn\u00fd chod m\u00e1te. A jakou bych si p\u0159\u00e1la zahradu? Takovou, aby m\u011bl m\u016fj p\u0159\u00edtel radost. Miluje p\u0159\u00edrodu a jako kon\u00ed\u010dek zahrady opravuje. Cht\u011bla bych mu dop\u0159\u00e1t, aby m\u011bl i svou d\u00edlnu na v\u011bci a mohl si tvo\u0159it, proto\u017ee je velice kreativn\u00ed. Jenom\u017ee za jak dlouho se mi spln\u00ed tento sen? Sama nev\u00edm, mus\u00edm jenom vytrvat a sna\u017eit se vyd\u011bl\u00e1vat pen\u00edze. Ale v\u00edm, \u017ee to za rok nebude. To bych musela vyhr\u00e1t mili\u00f3ny anebo dostat dob\u0159e placenou pr\u00e1ci, ne\u017e m\u00e1m te\u010f. N\u011bkdy jsem si dokonce p\u0159edstavovala, \u017ee bych zavedla krou\u017eek u m\u011b doma. Kdyby byl d\u016fm velik\u00fd a zahrada takt\u00e9\u017e, tak by to nebyl probl\u00e9m. A jak\u00fd krou\u017eek? Krou\u017eek pro d\u011bti. Jen si to zkuste p\u0159edstavit, \u017ee nemus\u00ed j\u00edt va\u0161e d\u00edt\u011b n\u011bkam do \u0161koly apod. p\u0159ece jenom to tam p\u016fsob\u00ed dost zvl\u00e1\u0161tn\u011b. Ale b\u00fdt v\u00a0takov\u00e9m dom\u00e1c\u00edm prost\u0159ed\u00ed to m\u016f\u017ee b\u00fdt taky fajn, a hlavn\u011b to m\u016f\u017ee m\u00edt dobr\u00fd vliv na to d\u00edt\u011b. A hlavn\u011b bych si p\u0159\u00e1la d\u016fm, kde budou pob\u00edhat ko\u010dky a psy. Kolik jich bude? To netu\u0161\u00edm. Tak, abychom se tam hlavn\u011b ve\u0161li v\u0161ichni. Ale jak to p\u00ed\u0161u, tak u\u017e si to pomalu p\u0159edstavuji a jdu mimo realitu. A jak si p\u0159edstavujete sv\u016fj vysn\u011bny d\u016fm vy?\u00a0                                                                                                                                                                                                                                                                                                                                                                                        4.4\/5 - (9 votes)        "},{"@context":"https:\/\/schema.org\/","@type":"BreadcrumbList","itemListElement":[{"@type":"ListItem","position":1,"name":"M\u016fj vysn\u011bn\u00fd d\u016fm","item":"https:\/\/www.schotz.cz\/muj-vysneny-dum\/#breadcrumbitem"}]}]